{"id":142,"date":"2022-12-30T16:53:12","date_gmt":"2022-12-30T16:53:12","guid":{"rendered":"https:\/\/21mpdtfm.websnebrija.es\/online\/tfm22_11\/?p=142"},"modified":"2023-01-22T15:53:50","modified_gmt":"2023-01-22T15:53:50","slug":"los-cinco-consejos-para-no-hacer-prensa-amarillista","status":"publish","type":"post","link":"https:\/\/21mpdtfm.websnebrija.es\/online\/tfm22_11\/index.php\/2022\/12\/30\/los-cinco-consejos-para-no-hacer-prensa-amarillista\/","title":{"rendered":"Los cinco consejos para no hacer prensa amarillista"},"content":{"rendered":"\n<p class=\"has-luminous-vivid-amber-color has-text-color\"><strong>Bogot\u00e1, Colombia 17 de NOV<\/strong> <\/p>\n\n\n<div class=\"wp-block-image\">\n<figure class=\"aligncenter size-large\"><img loading=\"lazy\" decoding=\"async\" width=\"1024\" height=\"683\" src=\"https:\/\/21mpdtfm.websnebrija.es\/online\/tfm22_11\/wp-content\/uploads\/2022\/12\/front-view-woman-reading-the-newspaper-1024x683.jpg\" alt=\"\" class=\"wp-image-143\" srcset=\"https:\/\/21mpdtfm.websnebrija.es\/online\/tfm22_11\/wp-content\/uploads\/2022\/12\/front-view-woman-reading-the-newspaper-1024x683.jpg 1024w, https:\/\/21mpdtfm.websnebrija.es\/online\/tfm22_11\/wp-content\/uploads\/2022\/12\/front-view-woman-reading-the-newspaper-300x200.jpg 300w, https:\/\/21mpdtfm.websnebrija.es\/online\/tfm22_11\/wp-content\/uploads\/2022\/12\/front-view-woman-reading-the-newspaper-768x512.jpg 768w, https:\/\/21mpdtfm.websnebrija.es\/online\/tfm22_11\/wp-content\/uploads\/2022\/12\/front-view-woman-reading-the-newspaper-1536x1024.jpg 1536w, https:\/\/21mpdtfm.websnebrija.es\/online\/tfm22_11\/wp-content\/uploads\/2022\/12\/front-view-woman-reading-the-newspaper-2048x1365.jpg 2048w\" sizes=\"auto, (max-width: 1024px) 100vw, 1024px\" \/><figcaption class=\"wp-element-caption\">Cr\u00e9dito: Freepik<\/figcaption><\/figure>\n<\/div>\n\n\n<p><em>En la \u00e9tica period\u00edstica no hay blancos ni negros, siempre es necesario un an\u00e1lisis cr\u00edtico de la situaci\u00f3n por parte del periodista o la sala de redacci\u00f3n. Sin embargo, le damos algunos consejos que pueden ser \u00fatiles en medio de un dilema \u00e9tico.<\/em><\/p>\n\n\n<div class=\"wp-block-post-author\"><div class=\"wp-block-post-author__avatar\"><img alt='' src='https:\/\/secure.gravatar.com\/avatar\/397a1b2897a1b2b662744747c4bf87e4dac8809d1b44d380c8535d6bff4e7ea6?s=48&#038;d=mm&#038;r=g' srcset='https:\/\/secure.gravatar.com\/avatar\/397a1b2897a1b2b662744747c4bf87e4dac8809d1b44d380c8535d6bff4e7ea6?s=96&#038;d=mm&#038;r=g 2x' class='avatar avatar-48 photo' height='48' width='48' \/><\/div><div class=\"wp-block-post-author__content\"><p class=\"wp-block-post-author__byline\">Lina Vargas Vega <\/p><p class=\"wp-block-post-author__name\">admin<\/p><\/div><\/div>\n\n\n<p>De \u201camarillistas\u201d, han sido calificados la mayor\u00eda de medios de comunicaci\u00f3n del mundo. El t\u00e9rmino se volvi\u00f3 un lugar com\u00fan para cualquier noticia malintencionada, exagerada o que simplemente no le agrade al p\u00fablico. Pero realmente <strong>\u00bfa qu\u00e9 hace referencia la prensa amarilla?<\/strong><\/p>\n\n\n\n<p>Seg\u00fan el portal <a href=\"https:\/\/fundaciongabo.org\/es\/consultorio-etico\/consulta\/900#:~:text=Precisamente%20la%20denominaci%C3%B3n%20de%20amarillismo,Felton%20Outcault%2C%20contratado%20por%20Hearst.\">Fundaci\u00f3n Gabo<\/a>, \u201cla palabra amarillismo<strong> se refiere a las t\u00e9cnicas para llamar la atenci\u00f3n de los lectores: tama\u00f1o de letra, colores, edici\u00f3n de fotograf\u00edas, dise\u00f1o, lenguaje\u201d.&nbsp;<\/strong><\/p>\n\n\n\n<p><strong>El t\u00e9rmino naci\u00f3 en Nueva York antes de 1990<\/strong> cuando el periodico New York World, de Joseph Pulitzer, y el New York Journal, de William Randolph Hearst se disputaban la atenci\u00f3n del p\u00fablico con t\u00e9cnicas que sus competidores tacharon de poco \u00e9ticas.<\/p>\n\n\n\n<p>La definici\u00f3n de \u201cprensa amarilla\u201d nace por la popular tira c\u00f3mica, Yellow kid, del dibujante Richard Felton Outcault, contratado por Hearst. La historieta se convirti\u00f3 en uno de los s\u00edmbolos de las noticias m\u00e1s sensacionalistas.&nbsp;<\/p>\n\n\n\n<p>\u00bfC\u00f3mo no caer en la prensa amarillista? Antes de leer nuestros consejos es importante que sepa que como en muchos aspectos de la vida, <strong>en la \u00e9tica period\u00edstica no hay blancos ni negros, siempre es necesario un an\u00e1lisis cr\u00edtico de la situaci\u00f3n por parte del periodista o la sala de redacci\u00f3n<\/strong>. Cada noticia tendr\u00e1 diferentes matices que deben ser estudiados antes de la publicaci\u00f3n. Con esto en mente, a continuaci\u00f3n presentamos algunos consejos que pueden ser \u00fatiles en medio de un dilema \u00e9tico.&nbsp;<\/p>\n\n\n\n<p><strong>Lea tambi\u00e9n: <a href=\"https:\/\/21mpdtfm.websnebrija.es\/online\/tfm22_11\/index.php\/2023\/01\/03\/el-clickbait-uso-erroneo-y-su-mala-fama-en-medios\/\" data-type=\"post\" data-id=\"248\">\u00bfC\u00f3mo hacer buen uso del Clickbait?<\/a><\/strong><\/p>\n\n\n\n<h2 class=\"wp-block-heading\">1. <strong>Ojo con las im\u00e1genes\u00a0<\/strong><\/h2>\n\n\n\n<p>La foto principal es uno de los elementos m\u00e1s importantes de la nota.<strong> Es normal que los periodistas traten de llamar la atenci\u00f3n del lector en este espacio y no est\u00e1 mal, hay formas adecuadas de hacerlo<\/strong>, pero ac\u00e1 se camina en el filo de una navaja, pues la l\u00ednea entre lo correcto y lo sensacionalista puede ser delgada en ciertas ocasiones.&nbsp;<\/p>\n\n\n\n<p><strong>Fotos con contenido delicado est\u00e1n descartadas:<\/strong> muertos, sangre, ni\u00f1os en medio de connotaciones negativas, animales maltratados o cosas desagradables repugnantes. Tambi\u00e9n debe considerarse la publicaci\u00f3n de im\u00e1genes de v\u00edctimas, ya sea en medio de una calamidad o despu\u00e9s de ella, la publicaci\u00f3n de rostros de personas que no hacen parte de la vida p\u00fablica deber\u00eda contar con su autorizaci\u00f3n.&nbsp;<\/p>\n\n\n\n<p>Es importante tener en cuenta que el hecho de que otros medios hayan publicado la imagen o de que sea viral, no es una validaci\u00f3n para publicarla.&nbsp;<\/p>\n\n\n\n<h2 class=\"wp-block-heading\">2. <strong>El titular debe ser ver\u00eddico\u00a0<\/strong><\/h2>\n\n\n\n<p>El titular es el gancho para atraer al lector. <a href=\"http:\/\/manualdeestilo.rtve.es\/directrices-para-los-profesionales-de-los-medios-interactivos\/4-5-la-estructura-de-la-noticia\/#:~:text=Titular%3A%20Es%20el%20elemento%20m%C3%A1s,datos%20b%C3%A1sicos%20de%20la%20informaci%C3%B3n.\">El Manual de Estilo de la RTVE.es<\/a> lo define como \u201c<strong>el elemento m\u00e1s importante de la noticia<\/strong>, pues gran parte de los usuarios se contentar\u00e1n con su lectura. El titular contiene los datos b\u00e1sicos de la informaci\u00f3n\u201d.&nbsp;<\/p>\n\n\n\n<p>Dada su relevancia, el titular se convierte en uno de los retos m\u00e1s grandes del periodista. Para algunos es atractivo exagerar, o incluso mentir, para que el usuario entre al sitio a leer, sin embargo esta es una mala pr\u00e1ctica que castigan los lectores, las redes sociales e incluso otros medios de comunicaci\u00f3n. Pues el denominado \u2018clickbait&#8217; y el sensacionalismo juntos desembocan en una p\u00e9rdida de credibilidad del medio de comunicaci\u00f3n.&nbsp;<\/p>\n\n\n\n<p>As\u00ed como con las im\u00e1genes, no est\u00e1 mal querer llamar la atenci\u00f3n del lector, pues al final del d\u00eda es parte de la labor del periodista, sin embargo, esto se puede lograr con otras t\u00e9cnicas fidedignas lejanas a las falacias o la exageraci\u00f3n de la realidad.&nbsp;<\/p>\n\n\n\n<h2 class=\"wp-block-heading\">3. <strong>Hable con hechos y datos\u00a0<\/strong><\/h2>\n\n\n\n<p>Parece obvio: un periodista hablando con hechos y datos. Pero muchos colegas se olvidan de esto, hacen noticias que parecen sacadas del sombrero de Merl\u00edn, sin ning\u00fan respaldo o sustento. Hechos narrados por ellos mismos y no por testigos reales, voceros encargados o entidades autorizadas.&nbsp;<\/p>\n\n\n\n<p><strong>Recuerde que sus noticias representan a su medio de comunicaci\u00f3n, el cual depende de la credibilidad que genera en la audiencia.<\/strong> No importa cu\u00e1ntos buenos informes haya publicado, si hay uno sin un debido tratamiento de datos, la reputaci\u00f3n del medio peligra.<\/p>\n\n\n\n<h2 class=\"wp-block-heading\">4. <strong>Publique con cabeza fr\u00eda\u00a0<\/strong><\/h2>\n\n\n\n<p>Es normal que en el calor de la noticia, los periodistas se basen en otros medios de comunicaci\u00f3n o informaci\u00f3n viral en las redes para sus notas, esto est\u00e1 mal. No importa el af\u00e1n de publicar la noticia, siempre es necesario dirigirse a las fuentes correctas.&nbsp;<\/p>\n\n\n\n<p><strong>Es importante tomar distancia de los hechos, analizar la situaci\u00f3n y consultar m\u00e1s fuentes, no importa que el medio salga un poco m\u00e1s tarde con la informaci\u00f3n, siempre primar\u00e1 la veracidad y calidad de la noticia sobre la chiva.&nbsp;<\/strong><\/p>\n\n\n\n<h2 class=\"wp-block-heading\">5. <strong>Consulte con su sala de redacci\u00f3n\u00a0<\/strong><\/h2>\n\n\n\n<p>Una segunda opini\u00f3n siempre ser\u00e1 v\u00e1lida. Cuando existe un dilema moral o hay dudas de cualquier \u00edndole lo mejor ser\u00e1 poner la cuesti\u00f3n al conocimiento y debate de la sala de redacci\u00f3n. <strong>El consenso editorial es parte clave del ejercicio period\u00edstico, tanto antes de publicar como despu\u00e9s si es necesaria una correcci\u00f3n.&nbsp;&nbsp;<\/strong><\/p>\n\n\n\n<p>Cuando un periodista trabaja largo tiempo en la misma nota, puede que al final se nuble su visi\u00f3n y pierda objetividad, preguntar a otros colegas elimina este punto de la ecuaci\u00f3n.<\/p>\n\n\n<div class=\"taxonomy-post_tag wp-block-post-terms\"><a href=\"https:\/\/21mpdtfm.websnebrija.es\/online\/tfm22_11\/index.php\/tag\/amarillismo\/\" rel=\"tag\">Amarillismo<\/a><span class=\"wp-block-post-terms__separator\">, <\/span><a href=\"https:\/\/21mpdtfm.websnebrija.es\/online\/tfm22_11\/index.php\/tag\/buenas-practicas\/\" rel=\"tag\">Buenas Pr\u00e1cticas<\/a><span class=\"wp-block-post-terms__separator\">, <\/span><a href=\"https:\/\/21mpdtfm.websnebrija.es\/online\/tfm22_11\/index.php\/tag\/periodistas\/\" rel=\"tag\">Periodistas<\/a><span class=\"wp-block-post-terms__separator\">, <\/span><a href=\"https:\/\/21mpdtfm.websnebrija.es\/online\/tfm22_11\/index.php\/tag\/prensa\/\" rel=\"tag\">Prensa<\/a><\/div>\n\n\n<p><\/p>\n","protected":false},"excerpt":{"rendered":"<p>En la \u00e9tica period\u00edstica no hay blancos ni negros, siempre es necesario un an\u00e1lisis cr\u00edtico de la situaci\u00f3n por parte del periodista.<\/p>\n","protected":false},"author":1,"featured_media":143,"comment_status":"open","ping_status":"closed","sticky":false,"template":"","format":"standard","meta":{"footnotes":""},"categories":[3],"tags":[8,25,24,10],"class_list":["post-142","post","type-post","status-publish","format-standard","has-post-thumbnail","hentry","category-amarillismo","tag-amarillismo","tag-buenas-practicas","tag-periodistas","tag-prensa"],"_links":{"self":[{"href":"https:\/\/21mpdtfm.websnebrija.es\/online\/tfm22_11\/index.php\/wp-json\/wp\/v2\/posts\/142","targetHints":{"allow":["GET"]}}],"collection":[{"href":"https:\/\/21mpdtfm.websnebrija.es\/online\/tfm22_11\/index.php\/wp-json\/wp\/v2\/posts"}],"about":[{"href":"https:\/\/21mpdtfm.websnebrija.es\/online\/tfm22_11\/index.php\/wp-json\/wp\/v2\/types\/post"}],"author":[{"embeddable":true,"href":"https:\/\/21mpdtfm.websnebrija.es\/online\/tfm22_11\/index.php\/wp-json\/wp\/v2\/users\/1"}],"replies":[{"embeddable":true,"href":"https:\/\/21mpdtfm.websnebrija.es\/online\/tfm22_11\/index.php\/wp-json\/wp\/v2\/comments?post=142"}],"version-history":[{"count":14,"href":"https:\/\/21mpdtfm.websnebrija.es\/online\/tfm22_11\/index.php\/wp-json\/wp\/v2\/posts\/142\/revisions"}],"predecessor-version":[{"id":415,"href":"https:\/\/21mpdtfm.websnebrija.es\/online\/tfm22_11\/index.php\/wp-json\/wp\/v2\/posts\/142\/revisions\/415"}],"wp:featuredmedia":[{"embeddable":true,"href":"https:\/\/21mpdtfm.websnebrija.es\/online\/tfm22_11\/index.php\/wp-json\/wp\/v2\/media\/143"}],"wp:attachment":[{"href":"https:\/\/21mpdtfm.websnebrija.es\/online\/tfm22_11\/index.php\/wp-json\/wp\/v2\/media?parent=142"}],"wp:term":[{"taxonomy":"category","embeddable":true,"href":"https:\/\/21mpdtfm.websnebrija.es\/online\/tfm22_11\/index.php\/wp-json\/wp\/v2\/categories?post=142"},{"taxonomy":"post_tag","embeddable":true,"href":"https:\/\/21mpdtfm.websnebrija.es\/online\/tfm22_11\/index.php\/wp-json\/wp\/v2\/tags?post=142"}],"curies":[{"name":"wp","href":"https:\/\/api.w.org\/{rel}","templated":true}]}}