{"id":232,"date":"2023-01-02T19:10:28","date_gmt":"2023-01-02T19:10:28","guid":{"rendered":"https:\/\/21mpdtfm.websnebrija.es\/online\/tfm22_11\/?p=232"},"modified":"2023-01-02T19:15:14","modified_gmt":"2023-01-02T19:15:14","slug":"periodismo-tradicional-vs-periodismo-digital","status":"publish","type":"post","link":"https:\/\/21mpdtfm.websnebrija.es\/online\/tfm22_11\/index.php\/2023\/01\/02\/periodismo-tradicional-vs-periodismo-digital\/","title":{"rendered":"\u00bfPeriodismo tradicional vs. periodismo digital?"},"content":{"rendered":"\n<p class=\"has-vivid-green-cyan-color has-text-color\"><strong>Bogot\u00e1, Colombia 20 de NOV<\/strong><\/p>\n\n\n\n<figure class=\"wp-block-image size-large\"><img loading=\"lazy\" decoding=\"async\" width=\"1024\" height=\"683\" src=\"https:\/\/21mpdtfm.websnebrija.es\/online\/tfm22_11\/wp-content\/uploads\/2023\/01\/business-man-using-his-mobile-phone-1024x683.jpg\" alt=\"\" class=\"wp-image-235\" srcset=\"https:\/\/21mpdtfm.websnebrija.es\/online\/tfm22_11\/wp-content\/uploads\/2023\/01\/business-man-using-his-mobile-phone-1024x683.jpg 1024w, https:\/\/21mpdtfm.websnebrija.es\/online\/tfm22_11\/wp-content\/uploads\/2023\/01\/business-man-using-his-mobile-phone-300x200.jpg 300w, https:\/\/21mpdtfm.websnebrija.es\/online\/tfm22_11\/wp-content\/uploads\/2023\/01\/business-man-using-his-mobile-phone-768x512.jpg 768w, https:\/\/21mpdtfm.websnebrija.es\/online\/tfm22_11\/wp-content\/uploads\/2023\/01\/business-man-using-his-mobile-phone-1536x1024.jpg 1536w, https:\/\/21mpdtfm.websnebrija.es\/online\/tfm22_11\/wp-content\/uploads\/2023\/01\/business-man-using-his-mobile-phone-2048x1365.jpg 2048w\" sizes=\"auto, (max-width: 1024px) 100vw, 1024px\" \/><figcaption class=\"wp-element-caption\">Cr\u00e9dito: Freepik<\/figcaption><\/figure>\n\n\n<div class=\"wp-block-post-author\"><div class=\"wp-block-post-author__avatar\"><img alt='' src='https:\/\/secure.gravatar.com\/avatar\/397a1b2897a1b2b662744747c4bf87e4dac8809d1b44d380c8535d6bff4e7ea6?s=48&#038;d=mm&#038;r=g' srcset='https:\/\/secure.gravatar.com\/avatar\/397a1b2897a1b2b662744747c4bf87e4dac8809d1b44d380c8535d6bff4e7ea6?s=96&#038;d=mm&#038;r=g 2x' class='avatar avatar-48 photo' height='48' width='48' \/><\/div><div class=\"wp-block-post-author__content\"><p class=\"wp-block-post-author__byline\">Ang\u00e9lica Trejos<\/p><p class=\"wp-block-post-author__name\">admin<\/p><\/div><\/div>\n\n\n<p><\/p>\n\n\n\n<p>En las din\u00e1micas de la informaci\u00f3n actual parece que las polarizaciones tambi\u00e9n se han querido tomar los medios de comunicaci\u00f3n y su manera de operar.<\/p>\n\n\n\n<p>Los cr\u00edticos y acad\u00e9micos hablan de periodismo tradicional y de periodismo digital como si se tratase de dos mundos aparte en la cotidianidad demandante de divulgar y conocer la realidad cada segundo que pasa.<\/p>\n\n\n\n<p>La divisi\u00f3n ha hecho eco en otros campos donde la comunicaci\u00f3n es primordial: el marketing, las asesor\u00edas y el Free Press, la producci\u00f3n audiovisual, los negocios digitales, por mencionar algunas.<\/p>\n\n\n\n<p>Sin embargo, independientemente de los formatos, las herramientas y las narrativas que han incidido en sus formas de producir, publicar y capturar la atenci\u00f3n de seguidores, audiencias y afectos, todo por cuenta de la tecnolog\u00eda, hay que decir que la esencia del periodismo se mantiene a trav\u00e9s del tiempo y las formas.<\/p>\n\n\n\n<p>Muchos pensadores y observadores del fen\u00f3meno han abordado esos l\u00edmites que constantemente deben cruzar para conservar los principios de un oficio que tiene claro su objetivo en la sociedad y a la vez debe adaptarse a las velocidades cambiantes de la oferta y el consumo de contenidos para sobrevivir.<\/p>\n\n\n\n<p>La brecha entre periodismo tradicional y periodismo digital es f\u00e1cil de establecer por cuanto sus caracter\u00edsticas diferenciales saltan a la vista y dejan sobre el tapete la necesidad de analizar, estudiar o reflexionar sobre las pr\u00e1cticas \u00e9ticas que implica uno y otro al estar sujeto a una serie de factores que pueden cambiar el prop\u00f3sito de lo que se hace.<\/p>\n\n\n\n<p>Cito a tres de ellos:<\/p>\n\n\n\n<ul class=\"wp-block-list\">\n<li>De acuerdo con Manuel Castells en una columna para la Fundaci\u00f3n Gabriel Garc\u00eda M\u00e1rquez sobre \u00e9tica en la era digital:<\/li>\n<\/ul>\n\n\n\n<p>\u201cInternet suprime la presi\u00f3n de la sociedad, que cuenta en las decisiones \u00e9ticas, y sit\u00faa a sus usuarios en una soledad en que solo se da la presi\u00f3n de la conciencia personal. Que si esta no se manifiesta con una voz fuerte, Internet se convierte en el espacio propicio para los deseos no tutelados, o como escribe Gordon Graham &#8220;Internet no puede proveer una base adecuada para la vida moral. Conforme los individuos van creando m\u00e1s relaciones con Internet, el mundo en que entran es el de la anarqu\u00eda moral&#8221;.<\/p>\n\n\n\n<p>Sostiene el mismo autor que, a cambio, el periodismo ejercido en los medios tradicionales s\u00ed genera presiones sociales intensas que inciden en su \u00e9tica representada en cada uno de los periodistas que difunden la informaci\u00f3n a trav\u00e9s del manejo de sus fuentes y mensajes. En otras palabras, tienen cara y nombre propio con evidencias que deben ser tenidas en cuenta en caso de alguna duda o confusi\u00f3n. Contrario puede suceder con los medios que se valen de las plataformas digitales sin estructuras s\u00f3lidas y transparentes, donde la credibilidad no es un indicador tan preponderante.<\/p>\n\n\n\n<ul class=\"wp-block-list\">\n<li>Carmen Alicia Sarmiento, periodista veterana de noticias en televisi\u00f3n en Colombia, protagonista del video que adjunto como ejercicio de aproximaci\u00f3n a la \u00e9tica period\u00edstica en tiempos digitales, asegura que entre estas dos vertientes fabricadas por quienes las definen as\u00ed, no son compatibles los tiempos con la calidad y la profundidad que debe regir la informaci\u00f3n.<\/li>\n<\/ul>\n\n\n\n<p>Para ella, que sobrepasa los 30 a\u00f1os haciendo reporter\u00eda en distintos medios, lo que se cuenta en pocos segundos solo puede ser un resumen insustancial del acontecimiento que merece ser desarrollado con todos los detalles y frentes en espacios menos restringidos a los de las redes sociales como la prensa escrita o los noticieros en televisi\u00f3n y radio. Sarmiento, en su formaci\u00f3n y reputaci\u00f3n como una de las periodistas m\u00e1s cre\u00edbles de la prensa colombiana regional, reafirma con su posici\u00f3n que lo digital adolece del peso y el rigor que lo an\u00e1logo ha edificado por tanto tiempo. Pero tambi\u00e9n sabe que los medios para los que ha trabajado deben adoptar nuevos lenguajes y din\u00e1micas capaces de atrapar a las audiencias que est\u00e1n en formaci\u00f3n para que no sean presas f\u00e1ciles de las informaciones falsas o infundadas y en el caso de los medios, de la obsolescencia.<\/p>\n\n\n\n<ul class=\"wp-block-list\">\n<li>Por su parte, el periodista y catedr\u00e1tico de habla hispana, Jos\u00e9 Luis Mart\u00ednez Albertos, ha citado en una de sus conocidas publicaciones a Ignacio Ramonet, director del semanario Le Monde Diplomatique, quien se\u00f1ala repetidamente que \u201cuna de las caracter\u00edsticas de las nuevas tecnolog\u00edas, especialmente Internet, es el aumento del sentimiento de caos por dos motivos principales: porque establece el tiempo real, la instantaneidad como ritmo normal de informaci\u00f3n, y porque cualifica el rumor, la noticia no verificada, como una categor\u00eda perfectamente natural de informaci\u00f3n\u201d.<\/li>\n<\/ul>\n\n\n\n<p>Parece que los puntos comunes entre periodismo digital y tradicional a\u00fan navegan en territorios borrosos y pendientes por caracterizar a trav\u00e9s de manuales o instructivos que ayuden al menos a saber cu\u00e1ndo se ejerce uno y el otro, o uno que mezcla ambas metodolog\u00edas y herramientas bajo qu\u00e9 intenciones.<\/p>\n\n\n\n<p>Mientras los periodistas no lo tengan claro, la audiencia y los seguidores menos lo sabr\u00e1n y deber\u00e1n sostenerse no solo sobre sus bases morales individuales, como plantea Castell, sino afinar, su criterio e instinto, en la b\u00fasqueda democr\u00e1tica de datos que ayuden a dilucidar verdades correctas en confrontaci\u00f3n, elaboraci\u00f3n y verificaci\u00f3n para tener la tranquilidad de no ser enga\u00f1ado.<\/p>\n\n\n<div class=\"taxonomy-post_tag wp-block-post-terms\"><a href=\"https:\/\/21mpdtfm.websnebrija.es\/online\/tfm22_11\/index.php\/tag\/alicia-sarmiento\/\" rel=\"tag\">Alicia Sarmiento<\/a><span class=\"wp-block-post-terms__separator\">, <\/span><a href=\"https:\/\/21mpdtfm.websnebrija.es\/online\/tfm22_11\/index.php\/tag\/gabriel-garcia-marquez\/\" rel=\"tag\">Gabriel Garc\u00eda M\u00e1rquez<\/a><span class=\"wp-block-post-terms__separator\">, <\/span><a href=\"https:\/\/21mpdtfm.websnebrija.es\/online\/tfm22_11\/index.php\/tag\/jose-luis-martinez-albertos\/\" rel=\"tag\">Jos\u00e9 Luis Mart\u00ednez Albertos<\/a><span class=\"wp-block-post-terms__separator\">, <\/span><a href=\"https:\/\/21mpdtfm.websnebrija.es\/online\/tfm22_11\/index.php\/tag\/periodismo-digital\/\" rel=\"tag\">periodismo digital<\/a><span class=\"wp-block-post-terms__separator\">, <\/span><a href=\"https:\/\/21mpdtfm.websnebrija.es\/online\/tfm22_11\/index.php\/tag\/periodismo-tradicional\/\" rel=\"tag\">Periodismo tradicional<\/a><span class=\"wp-block-post-terms__separator\">, <\/span><a href=\"https:\/\/21mpdtfm.websnebrija.es\/online\/tfm22_11\/index.php\/tag\/periodistas\/\" rel=\"tag\">Periodistas<\/a><\/div>","protected":false},"excerpt":{"rendered":"<p>Los cr\u00edticos y acad\u00e9micos hablan de periodismo tradicional y de periodismo digital como si se tratase de dos mundos aparte.<\/p>\n","protected":false},"author":1,"featured_media":236,"comment_status":"open","ping_status":"closed","sticky":false,"template":"","format":"standard","meta":{"footnotes":""},"categories":[6],"tags":[39,38,40,36,37,24],"class_list":["post-232","post","type-post","status-publish","format-standard","has-post-thumbnail","hentry","category-la-via-correcta","tag-alicia-sarmiento","tag-gabriel-garcia-marquez","tag-jose-luis-martinez-albertos","tag-periodismo-digital","tag-periodismo-tradicional","tag-periodistas"],"_links":{"self":[{"href":"https:\/\/21mpdtfm.websnebrija.es\/online\/tfm22_11\/index.php\/wp-json\/wp\/v2\/posts\/232","targetHints":{"allow":["GET"]}}],"collection":[{"href":"https:\/\/21mpdtfm.websnebrija.es\/online\/tfm22_11\/index.php\/wp-json\/wp\/v2\/posts"}],"about":[{"href":"https:\/\/21mpdtfm.websnebrija.es\/online\/tfm22_11\/index.php\/wp-json\/wp\/v2\/types\/post"}],"author":[{"embeddable":true,"href":"https:\/\/21mpdtfm.websnebrija.es\/online\/tfm22_11\/index.php\/wp-json\/wp\/v2\/users\/1"}],"replies":[{"embeddable":true,"href":"https:\/\/21mpdtfm.websnebrija.es\/online\/tfm22_11\/index.php\/wp-json\/wp\/v2\/comments?post=232"}],"version-history":[{"count":2,"href":"https:\/\/21mpdtfm.websnebrija.es\/online\/tfm22_11\/index.php\/wp-json\/wp\/v2\/posts\/232\/revisions"}],"predecessor-version":[{"id":240,"href":"https:\/\/21mpdtfm.websnebrija.es\/online\/tfm22_11\/index.php\/wp-json\/wp\/v2\/posts\/232\/revisions\/240"}],"wp:featuredmedia":[{"embeddable":true,"href":"https:\/\/21mpdtfm.websnebrija.es\/online\/tfm22_11\/index.php\/wp-json\/wp\/v2\/media\/236"}],"wp:attachment":[{"href":"https:\/\/21mpdtfm.websnebrija.es\/online\/tfm22_11\/index.php\/wp-json\/wp\/v2\/media?parent=232"}],"wp:term":[{"taxonomy":"category","embeddable":true,"href":"https:\/\/21mpdtfm.websnebrija.es\/online\/tfm22_11\/index.php\/wp-json\/wp\/v2\/categories?post=232"},{"taxonomy":"post_tag","embeddable":true,"href":"https:\/\/21mpdtfm.websnebrija.es\/online\/tfm22_11\/index.php\/wp-json\/wp\/v2\/tags?post=232"}],"curies":[{"name":"wp","href":"https:\/\/api.w.org\/{rel}","templated":true}]}}