{"id":248,"date":"2023-01-03T00:00:02","date_gmt":"2023-01-03T00:00:02","guid":{"rendered":"https:\/\/21mpdtfm.websnebrija.es\/online\/tfm22_11\/?p=248"},"modified":"2023-01-20T16:52:00","modified_gmt":"2023-01-20T16:52:00","slug":"el-clickbait-uso-erroneo-y-su-mala-fama-en-medios","status":"publish","type":"post","link":"https:\/\/21mpdtfm.websnebrija.es\/online\/tfm22_11\/index.php\/2023\/01\/03\/el-clickbait-uso-erroneo-y-su-mala-fama-en-medios\/","title":{"rendered":"\u00bfC\u00f3mo hacer buen uso del Clickbait?"},"content":{"rendered":"\n<p class=\"has-luminous-vivid-amber-color has-text-color\"><strong>Bogot\u00e1, Colombia 2 de ENE<\/strong><\/p>\n\n\n\n<figure class=\"wp-block-image size-large\"><img loading=\"lazy\" decoding=\"async\" width=\"2560\" height=\"1600\" src=\"https:\/\/21mpdtfm.websnebrija.es\/online\/tfm22_11\/wp-content\/uploads\/2023\/01\/business-hand-with-mobile-phone-edited-scaled.jpg\" alt=\"\" class=\"wp-image-249\" srcset=\"https:\/\/21mpdtfm.websnebrija.es\/online\/tfm22_11\/wp-content\/uploads\/2023\/01\/business-hand-with-mobile-phone-edited-scaled.jpg 2560w, https:\/\/21mpdtfm.websnebrija.es\/online\/tfm22_11\/wp-content\/uploads\/2023\/01\/business-hand-with-mobile-phone-edited-300x188.jpg 300w, https:\/\/21mpdtfm.websnebrija.es\/online\/tfm22_11\/wp-content\/uploads\/2023\/01\/business-hand-with-mobile-phone-edited-1024x640.jpg 1024w, https:\/\/21mpdtfm.websnebrija.es\/online\/tfm22_11\/wp-content\/uploads\/2023\/01\/business-hand-with-mobile-phone-edited-768x480.jpg 768w, https:\/\/21mpdtfm.websnebrija.es\/online\/tfm22_11\/wp-content\/uploads\/2023\/01\/business-hand-with-mobile-phone-edited-1536x960.jpg 1536w, https:\/\/21mpdtfm.websnebrija.es\/online\/tfm22_11\/wp-content\/uploads\/2023\/01\/business-hand-with-mobile-phone-edited-2048x1280.jpg 2048w\" sizes=\"auto, (max-width: 2560px) 100vw, 2560px\" \/><figcaption class=\"wp-element-caption\">Foto: freepik, Mano con celular<\/figcaption><\/figure>\n\n\n\n<p><em>Aunque ha ganado mala fama, el clickbait no es una mala pr\u00e1ctica, hacerlo de la manera adecuada y \u00e9tica debe ser el reto principal de los periodistas digitales <\/em><\/p>\n\n\n<div class=\"wp-block-post-author\"><div class=\"wp-block-post-author__avatar\"><img alt='' src='https:\/\/secure.gravatar.com\/avatar\/397a1b2897a1b2b662744747c4bf87e4dac8809d1b44d380c8535d6bff4e7ea6?s=48&#038;d=mm&#038;r=g' srcset='https:\/\/secure.gravatar.com\/avatar\/397a1b2897a1b2b662744747c4bf87e4dac8809d1b44d380c8535d6bff4e7ea6?s=96&#038;d=mm&#038;r=g 2x' class='avatar avatar-48 photo' height='48' width='48' \/><\/div><div class=\"wp-block-post-author__content\"><p class=\"wp-block-post-author__byline\">Lina Vargas Vega<\/p><p class=\"wp-block-post-author__name\">admin<\/p><\/div><\/div>\n\n\n<p>Cuando explot\u00f3 el boom digital, los periodistas entendieron que hab\u00eda un cambio en la forma en la que los lectores recib\u00edan las noticias, pero pocos entendieron que tambi\u00e9n hubo un cambio en la forma de transmitir la informaci\u00f3n. Los nuevos formatos no se reduc\u00edan a copiar el peri\u00f3dico y pegarlo en la p\u00e1gina web. La digitalizaci\u00f3n permite un sinf\u00edn de formas de comunicar, asimismo, trae diferentes retos.&nbsp;<\/p>\n\n\n\n<p>En la prensa tradicional, el titular era el elemento que llamaba la atenci\u00f3n. <strong>Era la lectura corta con la que el transe\u00fante decid\u00eda si paraba a comprar el periodico o segu\u00eda de largo. En el mundo digital el titular cobra la misma importancia, <\/strong>solo que ahora se puede monitorear, contabilizar e incluso monetizar las veces que un cibernauta se fija en un titular, se detiene y entra a la noticia.&nbsp;<\/p>\n\n\n\n<p>Casi como una pr\u00e1ctica heredada del sensacionalismo, lleg\u00f3 el mal uso del <em>clickbait.<\/em> Aunque la palabra ha tomado una connotaci\u00f3n negativa, la t\u00e9cnica no es mala, sin embargo, algunos periodistas se han encargado de hacer un uso err\u00f3neo de ella y ha ganado mala fama.&nbsp;&nbsp;<\/p>\n\n\n\n<p><a href=\"https:\/\/www.esic.edu\/rethink\/marketing-y-comunicacion\/que-es-el-clickbait-y-como-usarlo-de-forma-correcta\">La Universidad ESIC<\/a> define esta t\u00e9cnica como la creaci\u00f3n de \u201c<strong>un titular muy llamativo para que los usuarios hagan clic sobre el enlace<\/strong> y de esta forma conseguir m\u00e1s visitas a la web que ser\u00e1n monetizadas a trav\u00e9s de publicidad\u201d.\u00a0<\/p>\n\n\n\n<p><strong>Lea tambi\u00e9n: <a href=\"https:\/\/21mpdtfm.websnebrija.es\/online\/tfm22_11\/index.php\/2022\/12\/30\/los-cinco-consejos-para-no-hacer-prensa-amarillista\/\" data-type=\"post\" data-id=\"142\">Los cinco consejos para no hacer prensa amarillista<\/a><\/strong><\/p>\n\n\n\n<h3 class=\"wp-block-heading\"><strong>El <\/strong><strong><em>clickbait <\/em><\/strong><strong>responsable&nbsp;<\/strong><\/h3>\n\n\n\n<p>Ac\u00e1 no hablaremos del mal uso del <em>clickbait<\/em>, pues cualquier periodista con un poco de experiencia lo ha reconocido en m\u00e1s de un medio de comunicaci\u00f3n. M\u00e1s bien, aprovecharemos este espacio para dar algunos consejos para hacer un uso adecuado de esta t\u00e9cnica y as\u00ed ganar m\u00e1s visualizaciones sin dejar de lado la \u00e9tica y responsabilidad con el oficio y el lector.&nbsp;<\/p>\n\n\n\n<p>Los cibernautas se ven atra\u00eddos por lo que les genera intriga. Esto es un arma de doble filo, pues la mayor\u00eda de titulares sensacionalistas de la web intentan generar curiosidad, por lo que hay que tener en cuenta que no se debe caer en la ambig\u00fcedad, exageraci\u00f3n ni mucho menos en la mentira.&nbsp;<\/p>\n\n\n\n<p><strong>Esta t\u00e9cnica es efectiva para los listados: conozca la lista completa; los llamados a la acci\u00f3n: lea, escuche, mire<\/strong>; la ESIC <strong>recomienda el uso de los pronombres este, ese y aquella <\/strong>para despertar la curiosidad, pues se habla del sujeto sin nombrarlo.&nbsp;<\/p>\n\n\n\n<p>Otro ejercicio interesante para hacer buen uso del <em>clickbait <\/em>es <strong>hacer una lista de varios titulares y elegir el que m\u00e1s llame la atenci\u00f3n,<\/strong> para esto es recomendable consultar las opciones finalistas con alg\u00fan colega de la sala de redacci\u00f3n que tendr\u00e1 la mente fresca para elegir el m\u00e1s conveniente.&nbsp;<\/p>\n\n\n\n<p><strong>Aunque parezca obvio, no olvide decir lo m\u00e1s relevante en el titular<\/strong>, a veces por querer generar intriga en el lector se evita dar alg\u00fan dato, hecho o nombre crucial para la historia, pasando por alto que puede ser eso que omitimos lo que m\u00e1s vaya a llamar la atenci\u00f3n.&nbsp;<\/p>\n\n\n\n<p>Finalmente, no le ponga tanta presi\u00f3n al titular, a veces las cosas m\u00e1s simples son las que m\u00e1s funcionan, siempre y cuando lo haga de la manera m\u00e1s responsable posible.<\/p>\n\n\n<div class=\"taxonomy-post_tag wp-block-post-terms\"><a href=\"https:\/\/21mpdtfm.websnebrija.es\/online\/tfm22_11\/index.php\/tag\/buenas-practicas\/\" rel=\"tag\">Buenas Pr\u00e1cticas<\/a><span class=\"wp-block-post-terms__separator\">, <\/span><a href=\"https:\/\/21mpdtfm.websnebrija.es\/online\/tfm22_11\/index.php\/tag\/clickbait\/\" rel=\"tag\">Clickbait<\/a><span class=\"wp-block-post-terms__separator\">, <\/span><a href=\"https:\/\/21mpdtfm.websnebrija.es\/online\/tfm22_11\/index.php\/tag\/etica\/\" rel=\"tag\">\u00e9tica<\/a><span class=\"wp-block-post-terms__separator\">, <\/span><a href=\"https:\/\/21mpdtfm.websnebrija.es\/online\/tfm22_11\/index.php\/tag\/periodistas\/\" rel=\"tag\">Periodistas<\/a><span class=\"wp-block-post-terms__separator\">, <\/span><a href=\"https:\/\/21mpdtfm.websnebrija.es\/online\/tfm22_11\/index.php\/tag\/titular\/\" rel=\"tag\">Titular<\/a><\/div>","protected":false},"excerpt":{"rendered":"<p>Aunque ha ganado mala fama, el clickbait no es una mala pr\u00e1ctica, hacerlo de la manera adecuada y \u00e9tica debe ser el reto principal de los periodistas digitales <\/p>\n","protected":false},"author":1,"featured_media":249,"comment_status":"open","ping_status":"closed","sticky":false,"template":"","format":"standard","meta":{"footnotes":""},"categories":[3],"tags":[25,41,19,24,42],"class_list":["post-248","post","type-post","status-publish","format-standard","has-post-thumbnail","hentry","category-amarillismo","tag-buenas-practicas","tag-clickbait","tag-etica","tag-periodistas","tag-titular"],"_links":{"self":[{"href":"https:\/\/21mpdtfm.websnebrija.es\/online\/tfm22_11\/index.php\/wp-json\/wp\/v2\/posts\/248","targetHints":{"allow":["GET"]}}],"collection":[{"href":"https:\/\/21mpdtfm.websnebrija.es\/online\/tfm22_11\/index.php\/wp-json\/wp\/v2\/posts"}],"about":[{"href":"https:\/\/21mpdtfm.websnebrija.es\/online\/tfm22_11\/index.php\/wp-json\/wp\/v2\/types\/post"}],"author":[{"embeddable":true,"href":"https:\/\/21mpdtfm.websnebrija.es\/online\/tfm22_11\/index.php\/wp-json\/wp\/v2\/users\/1"}],"replies":[{"embeddable":true,"href":"https:\/\/21mpdtfm.websnebrija.es\/online\/tfm22_11\/index.php\/wp-json\/wp\/v2\/comments?post=248"}],"version-history":[{"count":12,"href":"https:\/\/21mpdtfm.websnebrija.es\/online\/tfm22_11\/index.php\/wp-json\/wp\/v2\/posts\/248\/revisions"}],"predecessor-version":[{"id":401,"href":"https:\/\/21mpdtfm.websnebrija.es\/online\/tfm22_11\/index.php\/wp-json\/wp\/v2\/posts\/248\/revisions\/401"}],"wp:featuredmedia":[{"embeddable":true,"href":"https:\/\/21mpdtfm.websnebrija.es\/online\/tfm22_11\/index.php\/wp-json\/wp\/v2\/media\/249"}],"wp:attachment":[{"href":"https:\/\/21mpdtfm.websnebrija.es\/online\/tfm22_11\/index.php\/wp-json\/wp\/v2\/media?parent=248"}],"wp:term":[{"taxonomy":"category","embeddable":true,"href":"https:\/\/21mpdtfm.websnebrija.es\/online\/tfm22_11\/index.php\/wp-json\/wp\/v2\/categories?post=248"},{"taxonomy":"post_tag","embeddable":true,"href":"https:\/\/21mpdtfm.websnebrija.es\/online\/tfm22_11\/index.php\/wp-json\/wp\/v2\/tags?post=248"}],"curies":[{"name":"wp","href":"https:\/\/api.w.org\/{rel}","templated":true}]}}