{"id":263,"date":"2023-01-03T04:06:36","date_gmt":"2023-01-03T04:06:36","guid":{"rendered":"https:\/\/21mpdtfm.websnebrija.es\/online\/tfm22_11\/?p=263"},"modified":"2023-01-20T16:52:46","modified_gmt":"2023-01-20T16:52:46","slug":"como-hablar-de-feminicidios-y-abuso-en-medios-de-comunicacion","status":"publish","type":"post","link":"https:\/\/21mpdtfm.websnebrija.es\/online\/tfm22_11\/index.php\/2023\/01\/03\/como-hablar-de-feminicidios-y-abuso-en-medios-de-comunicacion\/","title":{"rendered":"\u00bfC\u00f3mo hablar de feminicidios y abuso en medios de comunicaci\u00f3n?"},"content":{"rendered":"\n<p class=\"has-vivid-purple-color has-text-color\"><strong>Bogot\u00e1, Colombia 8 de ENE<\/strong><\/p>\n\n\n<div class=\"wp-block-image\">\n<figure class=\"alignright size-large\"><img loading=\"lazy\" decoding=\"async\" width=\"1024\" height=\"680\" src=\"https:\/\/21mpdtfm.websnebrija.es\/online\/tfm22_11\/wp-content\/uploads\/2023\/01\/lost-and-alone-1024x680.jpg\" alt=\"\" class=\"wp-image-264\" srcset=\"https:\/\/21mpdtfm.websnebrija.es\/online\/tfm22_11\/wp-content\/uploads\/2023\/01\/lost-and-alone-1024x680.jpg 1024w, https:\/\/21mpdtfm.websnebrija.es\/online\/tfm22_11\/wp-content\/uploads\/2023\/01\/lost-and-alone-300x199.jpg 300w, https:\/\/21mpdtfm.websnebrija.es\/online\/tfm22_11\/wp-content\/uploads\/2023\/01\/lost-and-alone-768x510.jpg 768w, https:\/\/21mpdtfm.websnebrija.es\/online\/tfm22_11\/wp-content\/uploads\/2023\/01\/lost-and-alone-1536x1020.jpg 1536w, https:\/\/21mpdtfm.websnebrija.es\/online\/tfm22_11\/wp-content\/uploads\/2023\/01\/lost-and-alone-2048x1360.jpg 2048w\" sizes=\"auto, (max-width: 1024px) 100vw, 1024px\" \/><figcaption class=\"wp-element-caption\">Cr\u00e9dito: Freepik<\/figcaption><\/figure>\n<\/div>\n\n\n<p><em>Es com\u00fan encontrar expresiones incorrectas en la prensa cuando se habla de los cr\u00edmenes contra las mujeres. Para corregir esta mala pr\u00e1ctica y no caer en los mismos errores, lea la nota completa <\/em><\/p>\n\n\n<div class=\"wp-block-post-author\"><div class=\"wp-block-post-author__avatar\"><img alt='' src='https:\/\/secure.gravatar.com\/avatar\/397a1b2897a1b2b662744747c4bf87e4dac8809d1b44d380c8535d6bff4e7ea6?s=48&#038;d=mm&#038;r=g' srcset='https:\/\/secure.gravatar.com\/avatar\/397a1b2897a1b2b662744747c4bf87e4dac8809d1b44d380c8535d6bff4e7ea6?s=96&#038;d=mm&#038;r=g 2x' class='avatar avatar-48 photo' height='48' width='48' \/><\/div><div class=\"wp-block-post-author__content\"><p class=\"wp-block-post-author__byline\">Lina Vargas Vega <\/p><p class=\"wp-block-post-author__name\">admin<\/p><\/div><\/div>\n\n\n<p>Existen temas delicados, pero m\u00e1s all\u00e1 de evitarlos, un buen periodista debe aprender a tratarlos<strong>. Es en el tratamiento de la informaci\u00f3n sensible donde se conoce a un gran profesional<\/strong> y, por el contrario, cuando se aborda de mala manera, tanto lectores como colegas condenan la pr\u00e1ctica con p\u00e9rdida de credibilidad.&nbsp;<\/p>\n\n\n\n<p>Uno de los temas m\u00e1s sensibles y que, lastimosamente, es muy com\u00fan es el feminicidio. Seg\u00fan <a href=\"https:\/\/oig.cepal.org\/es\/indicadores\/feminicidio\">cifras del Observatorio de Igualdad de G\u00e9nero<\/a> de la Comisi\u00f3n Econ\u00f3mica para Am\u00e9rica Latina y el Caribe (CEPAL), <strong>en 2021 hubo 210 feminicidios en Colombia, la cifra m\u00e1s alta en 30 a\u00f1os.<\/strong><\/p>\n\n\n\n<div class=\"flourish-embed flourish-chart\" data-src=\"visualisation\/12394361\"><script src=\"https:\/\/public.flourish.studio\/resources\/embed.js\"><\/script><\/div>\n\n\n\n<p>Si bien estos son los datos oficiales, hay dudas sobre la veracidad de esta informaci\u00f3n en t\u00e9rminos reales, pues la mayor\u00eda de estos cr\u00edmenes quedan impunes. <strong>Un informe de<a href=\"https:\/\/elpais.com\/america-colombia\/2022-11-25\/feminicidios-en-colombia-las-muertes-que-el-estado-no-cuenta.html\"> El Pa\u00eds <\/a>estima que la impunidad en Colombia ronda el 90% para este tipo de homicidios.&nbsp;<\/strong><\/p>\n\n\n\n<p>Los datos oficiales tambi\u00e9n quedan cortos cuando se ve casi a diario en redes sociales y algunos medios de comunicaci\u00f3n historias de abuso contra la mujer. Por eso, en este tema en especial, es muy importante la labor period\u00edstica de visibilizar la problem\u00e1tica, pero antes de hablar de este tema, es importante aprender a abordarlo.&nbsp;<\/p>\n\n\n\n<p>La periodista y activista por los derechos de las mujeres, Elena Hern\u00e1ndez Montoya, escribi\u00f3 un <a href=\"https:\/\/www.amidi.org\/feminicidios-medios-comunicacion\/\">ensayo <\/a>para la C\u00e1tedra UNESCO de la Alfabetizaci\u00f3n Medi\u00e1tica e Informacional, sobre la representaci\u00f3n de los feminicidios en los medios, <strong>Consulta \u00c9tica <\/strong>recogi\u00f3 algunas de sus ideas y las compar\u00f3 con lo que pasa en la realidad colombiana.<\/p>\n\n\n\n<p><strong>Le podr\u00eda interesar: <a href=\"https:\/\/21mpdtfm.websnebrija.es\/online\/tfm22_11\/index.php\/2023\/01\/03\/asi-se-debe-hablar-de-mujeres-empoderadas-y-exitosas-en-la-prensa\/\" data-type=\"post\" data-id=\"267\">As\u00ed se debe hablar de mujeres empoderadas y exitosas en la prensa<\/a><\/strong><\/p>\n\n\n\n<h3 class=\"wp-block-heading\"><strong>Qu\u00e9 decir y qu\u00e9 no&nbsp;<\/strong><\/h3>\n\n\n\n<p>Es normal ver en la prensa titulares como \u201cmuere mujer\u2026&#8221;. Esta es una de las frases con m\u00e1s cr\u00edticas, <strong>cuando se habla de cr\u00edmenes de g\u00e9nero no se puede afirmar que una mujer muri\u00f3, la forma correcta ser\u00eda decir que ella fue asesinada.&nbsp;<\/strong><\/p>\n\n\n\n<p>Otro gran error en el que caen los medios de comunicaci\u00f3n al hablar de feminicidio es asociar el hecho a pleitos amorosos. Esto puede pasar por la justificaci\u00f3n, aunque todas las parejas tienen discusiones el asesinato nunca est\u00e1 sobre la mesa.<strong> El feminicidio no es un problema conyugal, es un cr\u00edmen de g\u00e9nero<\/strong>, simple y llanamente.&nbsp;<\/p>\n\n\n\n<p>Algunas veces los periodistas enfatizan que el asesino est\u00e1 \u201cloco\u201d, recibe ayuda psiqui\u00e1trica, o algo similar, esto tambi\u00e9n podr\u00eda ser tomado como una justificaci\u00f3n de sus actos. Tambi\u00e9n es un irrespeto con las personas que reciben ayuda profesional o tienen alg\u00fan desorden psicol\u00f3gico, pues se les incluye en el mismo grupo que a ciertos feminicidas.&nbsp;<\/p>\n\n\n\n<p>Al leer notas informativas de este delito, tambi\u00e9n es normal encontrar contextos de infidelidad, falta de compromiso, deseo de acabar la relaci\u00f3n, entre otros. Este es el peor de los casos, porque de alguna manera el periodista est\u00e1 poniendo en el ojo del hurac\u00e1n a la mujer que cae en el riesgo de ser juzgada o estigmatizada. <strong>Un periodista no puede dar pie para que los lectores hagan juicios de valor sobre la v\u00edctima, sea cual sea el caso.&nbsp;<\/strong><\/p>\n\n\n\n<p>Para terminar, una de las problem\u00e1ticas m\u00e1s grandes: los titulares y las im\u00e1genes con los nombres y las fotos de ellas. Es moralmente incorrecto que un periodista viralice la foto de una persona, que no hace parte de la vida p\u00fablica, y que fue asesinada, dando paso al escarnio p\u00fablico, a los juicios de valor y la crueldad del internet. Si es deseo del medio de comunicaci\u00f3n nombrar o mostrar a alguien, primero deber\u00eda pensarse en el victimario y no en la v\u00edctima.&nbsp;<\/p>\n\n\n\n<p><em>*Si bien este art\u00edculo habla puntualmente del feminicidio, pues es uno de los temas m\u00e1s comunes en los medios de comunicaci\u00f3n, est\u00e1 informaci\u00f3n tambi\u00e9n le puede ser \u00fatil al momento de hablar de cualquier otra persona en situaci\u00f3n de v\u00edctima.&nbsp;<\/em><\/p>\n\n\n<div class=\"taxonomy-post_tag wp-block-post-terms\"><a href=\"https:\/\/21mpdtfm.websnebrija.es\/online\/tfm22_11\/index.php\/tag\/etica\/\" rel=\"tag\">\u00e9tica<\/a><span class=\"wp-block-post-terms__separator\">, <\/span><a href=\"https:\/\/21mpdtfm.websnebrija.es\/online\/tfm22_11\/index.php\/tag\/feminicidios\/\" rel=\"tag\">Feminicidios<\/a><span class=\"wp-block-post-terms__separator\">, <\/span><a href=\"https:\/\/21mpdtfm.websnebrija.es\/online\/tfm22_11\/index.php\/tag\/mujeres\/\" rel=\"tag\">Mujeres<\/a><span class=\"wp-block-post-terms__separator\">, <\/span><a href=\"https:\/\/21mpdtfm.websnebrija.es\/online\/tfm22_11\/index.php\/tag\/periodismo\/\" rel=\"tag\">periodismo<\/a><span class=\"wp-block-post-terms__separator\">, <\/span><a href=\"https:\/\/21mpdtfm.websnebrija.es\/online\/tfm22_11\/index.php\/tag\/violencia\/\" rel=\"tag\">Violencia<\/a><\/div>","protected":false},"excerpt":{"rendered":"<p>Es com\u00fan encontrar expresiones incorrectas en la prensa cuando se habla de los cr\u00edmenes contra las mujeres. Para corregir esta mala pr\u00e1ctica y no caer en los mismos errores, lea la nota completa <\/p>\n","protected":false},"author":1,"featured_media":264,"comment_status":"open","ping_status":"closed","sticky":false,"template":"","format":"standard","meta":{"footnotes":""},"categories":[7],"tags":[19,47,45,14,46],"class_list":["post-263","post","type-post","status-publish","format-standard","has-post-thumbnail","hentry","category-mujeres","tag-etica","tag-feminicidios","tag-mujeres","tag-periodismo","tag-violencia"],"_links":{"self":[{"href":"https:\/\/21mpdtfm.websnebrija.es\/online\/tfm22_11\/index.php\/wp-json\/wp\/v2\/posts\/263","targetHints":{"allow":["GET"]}}],"collection":[{"href":"https:\/\/21mpdtfm.websnebrija.es\/online\/tfm22_11\/index.php\/wp-json\/wp\/v2\/posts"}],"about":[{"href":"https:\/\/21mpdtfm.websnebrija.es\/online\/tfm22_11\/index.php\/wp-json\/wp\/v2\/types\/post"}],"author":[{"embeddable":true,"href":"https:\/\/21mpdtfm.websnebrija.es\/online\/tfm22_11\/index.php\/wp-json\/wp\/v2\/users\/1"}],"replies":[{"embeddable":true,"href":"https:\/\/21mpdtfm.websnebrija.es\/online\/tfm22_11\/index.php\/wp-json\/wp\/v2\/comments?post=263"}],"version-history":[{"count":13,"href":"https:\/\/21mpdtfm.websnebrija.es\/online\/tfm22_11\/index.php\/wp-json\/wp\/v2\/posts\/263\/revisions"}],"predecessor-version":[{"id":402,"href":"https:\/\/21mpdtfm.websnebrija.es\/online\/tfm22_11\/index.php\/wp-json\/wp\/v2\/posts\/263\/revisions\/402"}],"wp:featuredmedia":[{"embeddable":true,"href":"https:\/\/21mpdtfm.websnebrija.es\/online\/tfm22_11\/index.php\/wp-json\/wp\/v2\/media\/264"}],"wp:attachment":[{"href":"https:\/\/21mpdtfm.websnebrija.es\/online\/tfm22_11\/index.php\/wp-json\/wp\/v2\/media?parent=263"}],"wp:term":[{"taxonomy":"category","embeddable":true,"href":"https:\/\/21mpdtfm.websnebrija.es\/online\/tfm22_11\/index.php\/wp-json\/wp\/v2\/categories?post=263"},{"taxonomy":"post_tag","embeddable":true,"href":"https:\/\/21mpdtfm.websnebrija.es\/online\/tfm22_11\/index.php\/wp-json\/wp\/v2\/tags?post=263"}],"curies":[{"name":"wp","href":"https:\/\/api.w.org\/{rel}","templated":true}]}}