{"id":367,"date":"2023-01-19T04:12:39","date_gmt":"2023-01-19T04:12:39","guid":{"rendered":"https:\/\/21mpdtfm.websnebrija.es\/online\/tfm22_11\/?p=367"},"modified":"2023-01-21T13:16:40","modified_gmt":"2023-01-21T13:16:40","slug":"el-abordaje-de-los-temas-conflictivos-para-la-prensa-de-entretenimiento","status":"publish","type":"post","link":"https:\/\/21mpdtfm.websnebrija.es\/online\/tfm22_11\/index.php\/2023\/01\/19\/el-abordaje-de-los-temas-conflictivos-para-la-prensa-de-entretenimiento\/","title":{"rendered":"<strong>El abordaje de los temas conflictivos para la prensa de entretenimiento<\/strong>"},"content":{"rendered":"\n<p class=\"has-pale-pink-color has-text-color\"><strong>Cali, Colombia, Enero 18 de 2023<\/strong><\/p>\n\n\n<div class=\"wp-block-image\">\n<figure class=\"aligncenter size-large\"><img loading=\"lazy\" decoding=\"async\" width=\"1600\" height=\"999\" src=\"https:\/\/21mpdtfm.websnebrija.es\/online\/tfm22_11\/wp-content\/uploads\/2023\/01\/5d2e48ab62177-edited.jpeg\" alt=\"\" class=\"wp-image-408\" srcset=\"https:\/\/21mpdtfm.websnebrija.es\/online\/tfm22_11\/wp-content\/uploads\/2023\/01\/5d2e48ab62177-edited.jpeg 1600w, https:\/\/21mpdtfm.websnebrija.es\/online\/tfm22_11\/wp-content\/uploads\/2023\/01\/5d2e48ab62177-edited-300x187.jpeg 300w, https:\/\/21mpdtfm.websnebrija.es\/online\/tfm22_11\/wp-content\/uploads\/2023\/01\/5d2e48ab62177-edited-1024x639.jpeg 1024w, https:\/\/21mpdtfm.websnebrija.es\/online\/tfm22_11\/wp-content\/uploads\/2023\/01\/5d2e48ab62177-edited-768x480.jpeg 768w, https:\/\/21mpdtfm.websnebrija.es\/online\/tfm22_11\/wp-content\/uploads\/2023\/01\/5d2e48ab62177-edited-1536x959.jpeg 1536w\" sizes=\"auto, (max-width: 1600px) 100vw, 1600px\" \/><figcaption class=\"wp-element-caption\">Johanna Ort\u00edz, dise\u00f1adora de modas<br>Foto: Tomada de el diario El pa\u00eds.com.co<\/figcaption><\/figure>\n<\/div>\n\n<div class=\"wp-block-post-author\"><div class=\"wp-block-post-author__avatar\"><img alt='' src='https:\/\/secure.gravatar.com\/avatar\/397a1b2897a1b2b662744747c4bf87e4dac8809d1b44d380c8535d6bff4e7ea6?s=48&#038;d=mm&#038;r=g' srcset='https:\/\/secure.gravatar.com\/avatar\/397a1b2897a1b2b662744747c4bf87e4dac8809d1b44d380c8535d6bff4e7ea6?s=96&#038;d=mm&#038;r=g 2x' class='avatar avatar-48 photo' height='48' width='48' \/><\/div><div class=\"wp-block-post-author__content\"><p class=\"wp-block-post-author__byline\">Ang\u00e9lica Trejos<\/p><p class=\"wp-block-post-author__name\">admin<\/p><\/div><\/div>\n\n\n<p>Es noticia en las redes por estos d\u00edas de finales de a\u00f1o y principios de 2023 un par de lanzamientos relacionados con marcas de moda en Colombia. Una m\u00e1s reconocida que la otra por el nombre de la dise\u00f1adora que durante los \u00faltimos 10 a\u00f1os no ha logrado m\u00e1s que poner en el ojo del espect\u00e1culo mundial, las plataformas digitales m\u00e1s cotizadas y de sus protagonistas, los alcances de la moda colombiana con sus versiones glamourosas del colorido, el folclor, el Caribe y una gran porci\u00f3n de la cultura latinoamericana.<\/p>\n\n\n\n<p>Las cr\u00edticas a las dos campa\u00f1as publicitarias de las marcas <strong>Johana Ortiz y Sixxta<\/strong>, una para el lanzamiento de un libro de colecci\u00f3n y la otra para su nueva serie de prendas, han cobrado gran notoriedad en redes sociales y versiones digitales de medios tradicionales donde prima la democracia de opini\u00f3n.<\/p>\n\n\n\n<p>Se le ha le\u00eddo a expertas, estudiosas del fen\u00f3meno fashion, feministas, periodistas y dem\u00e1s que sienten importante alimentar estas posturas, dejando fe de su indignaci\u00f3n frente a la intenci\u00f3n del marketing usado para promocionar estos trabajos que, seg\u00fan ellas, aluden a viejos esquemas culturales, mandados a recoger, poco reflexivos sobre la inclusi\u00f3n y el respeto a las comunidades hist\u00f3ricamente vulneradas en tierras dominadas anteriormente por los espa\u00f1oles, tema sensible que no solo debe ser tenido en cuenta en el contexto de la creaci\u00f3n y construcci\u00f3n de una campa\u00f1a de moda sino de cualquier otra en el campo del entretenimiento ll\u00e1mese joyas, m\u00fasica, emprendimientos o gastronom\u00eda, pues el destino podr\u00eda ser igual o peor.<\/p>\n\n\n\n<p><a href=\"https:\/\/www.elespectador.com\/opinion\/columnistas\/vanessa-rosales-a-\/en-contra-de-esplendor-colonial\/\">Lea aqu\u00ed el art\u00edculo de opini\u00f3n de Vanessa Rosales<\/a><\/p>\n\n\n\n<p>Claramente, pocos medios de comunicaci\u00f3n, han hecho eco de esta pol\u00e9mica. Muchos en este pa\u00eds, sostienen relaciones muy cordiales con quienes manejan la prensa de estas casas de moda m\u00e1s cuando han sido noticias muy positivas las que se han generado a ra\u00edz de su internacionalizaci\u00f3n o novedades compartidas y divulgadas a todo nivel. Entonces, \u00bfcu\u00e1l deber\u00eda ser el tratamiento de los periodistas, editores o generadores de contenido de entretenimiento m\u00e1s cuando las noticias alrededor de las dise\u00f1adoras son casi que agendas ya garantizadas debido a la legitimidad de sus protagonistas?<\/p>\n\n\n\n<p><a href=\"https:\/\/www.msn.com\/es-co\/noticias\/otras\/conozca-cartagena-grace-el-emocionante-libro-que-expone-la-identidad-y-la-riqueza-cultural-y-arquitect%C3%B3nica-de-la-her%C3%B3ica\/ar-AA15NUxl\">Lea aqu\u00ed lo que dice revista Semana frente a este tema<\/a><\/p>\n\n\n\n<p>La respuesta obviamente obedece al criterio de cada medio. Sum\u00e9mosle otros factores como el nivel de aproximaci\u00f3n o \u201camistad\u201d entre periodista y fuente, intereses, pauta publicitaria, recomendaciones de los due\u00f1os. Para nadie es un secreto que en Colombia y otros pa\u00edses de Am\u00e9rica, la prensa opera as\u00ed, y la corriente del entretenimiento no escapa a esto.<\/p>\n\n\n\n<p><a href=\"https:\/\/www.nuevamujer.com\/colombia\/2022\/12\/20\/sixxta-la-marca-de-colombiana-que-esta-cancelada-por-racixxta\/\">Lea aqu\u00ed lo que dice revista Nueva Mujer frente a este tema<\/a><\/p>\n\n\n\n<p>Sin embargo, aunque parte de la respuesta a este interrogante est\u00e1 ya expresada aqu\u00ed s\u00ed desear\u00eda realizar incluso un ejercicio de autoan\u00e1lisis sobre c\u00f3mo independientemente de la noticia que significa que una dise\u00f1adora de renombre lance un libro de moda con impactos relevantes hacia el exterior, es preciso ir m\u00e1s all\u00e1 para evitar servir de multiplicador de un proyecto que no es tan constructivo como sociedad. En otras palabras y muy castizas c\u00f3mo evitar ser \u201cidiotas \u00fatiles\u201d de una informaci\u00f3n que tiene serias incidencias en el imaginario colectivo de una comunidad que est\u00e1 en v\u00edas de despertar su propia conciencia frente a situaciones que la han marcado en su historia, como la esclavitud, la violencia, los conflictos, la crisis econ\u00f3micas o las migraciones, por mencionar algunas.<\/p>\n\n\n\n<figure class=\"wp-block-image size-full\"><img loading=\"lazy\" decoding=\"async\" width=\"654\" height=\"490\" src=\"https:\/\/21mpdtfm.websnebrija.es\/online\/tfm22_11\/wp-content\/uploads\/2023\/01\/luxandlan.jpg\" alt=\"\" class=\"wp-image-368\" srcset=\"https:\/\/21mpdtfm.websnebrija.es\/online\/tfm22_11\/wp-content\/uploads\/2023\/01\/luxandlan.jpg 654w, https:\/\/21mpdtfm.websnebrija.es\/online\/tfm22_11\/wp-content\/uploads\/2023\/01\/luxandlan-300x225.jpg 300w\" sizes=\"auto, (max-width: 654px) 100vw, 654px\" \/><figcaption class=\"wp-element-caption\"><a href=\"https:\/\/www.instagram.com\/p\/CnLY1AzqVj5\/\">foto: Tomada de Instagram @luxandlan<\/a><\/figcaption><\/figure>\n\n\n\n<p>Si un medio ya comparti\u00f3 la novedad de la marca, luego de desatada la pol\u00e9mica, ocultarse en el silencio puede ser extremo. Abordar el tema tangencialmente puede ser una manera de expiar la responsabilidad del medio ante su p\u00fablico. Algo como, lo abordamos superficialmente y salvamos nuestra responsabilidad. O definitivamente buscamos f\u00f3rmulas que nos ayuden a entender el debate y sus distintas posturas \u00bfser\u00eda lo m\u00e1s sano para el medio y sus seguidores? A partir de all\u00ed, se podr\u00eda ayudar a forjar la opini\u00f3n, el pensamiento cr\u00edtico y el conocimiento de un p\u00fablico que est\u00e1 enganchado con el conflicto pero que necesita ser orientado para ayudarle a resolver desde sus creencias y dudas, cu\u00e1l ser\u00eda la mejor salida para ambas partes y m\u00e1s importante, cu\u00e1l es la conclusi\u00f3n y el aprendizaje que puede extraer como activo de esta sociedad.<\/p>\n\n\n\n<p>Aunque las disputas, contrariedades, enojos y dem\u00e1s emociones fuertes son f\u00f3rmulas ganadoras en redes sociales y por obvias razones luego son replicadas por los medios que tienen formatos digitales, todas capitalizadas como clics para sus cuentas finales, es hora de detenerse por un instante a pensar en c\u00f3mo y con qu\u00e9 intenci\u00f3n tambi\u00e9n propagamos esa idea que nace fuera del medio y parece que fuera le\u00edda directamente del bolet\u00edn enviado por la fuente sin un segundo de observaci\u00f3n sobre sus efectos en la gente que la consumir\u00e1.<\/p>\n\n\n\n<figure class=\"wp-block-image size-full\"><img loading=\"lazy\" decoding=\"async\" width=\"589\" height=\"529\" src=\"https:\/\/21mpdtfm.websnebrija.es\/online\/tfm22_11\/wp-content\/uploads\/2023\/01\/imagen-de-twitter-Valeria.jpg\" alt=\"\" class=\"wp-image-369\" srcset=\"https:\/\/21mpdtfm.websnebrija.es\/online\/tfm22_11\/wp-content\/uploads\/2023\/01\/imagen-de-twitter-Valeria.jpg 589w, https:\/\/21mpdtfm.websnebrija.es\/online\/tfm22_11\/wp-content\/uploads\/2023\/01\/imagen-de-twitter-Valeria-300x269.jpg 300w\" sizes=\"auto, (max-width: 589px) 100vw, 589px\" \/><figcaption class=\"wp-element-caption\"><a href=\"https:\/\/twitter.com\/ValeriaAkl\/status\/1610370600316567552\">Foto: Tomada de Twitter <\/a><\/figcaption><\/figure>\n\n\n\n<p>Adem\u00e1s de entretener \u00bfestamos educando y construyendo una sociedad basada en valores como la igualdad, el respeto por el otro, la colaboraci\u00f3n y la inclusi\u00f3n? Opino que estos casos merecen todo el abordaje y estudio, si no desde las salas, s\u00ed en consejos de redacci\u00f3n para apelar a soluciones que podr\u00edan contribuir a ejercer mejor un periodismo que ya no se debe practicar aislado de otros \u00e1mbitos como la pol\u00edtica, la cultura o la econom\u00eda, pues si miramos a fondo todo est\u00e1 conectado para que la informaci\u00f3n sea integral en favor de quienes conf\u00edan que lo que se dice es coherente con la realidad, con los objetivos comunes y con las aristas o posturas distintas que la enriquecen para entenderla.<\/p>\n\n\n<div class=\"taxonomy-post_tag wp-block-post-terms\"><a href=\"https:\/\/21mpdtfm.websnebrija.es\/online\/tfm22_11\/index.php\/tag\/entretenimiento\/\" rel=\"tag\">entretenimiento<\/a><span class=\"wp-block-post-terms__separator\">, <\/span><a href=\"https:\/\/21mpdtfm.websnebrija.es\/online\/tfm22_11\/index.php\/tag\/farandula-2\/\" rel=\"tag\">Farandula<\/a><span class=\"wp-block-post-terms__separator\">, <\/span><a href=\"https:\/\/21mpdtfm.websnebrija.es\/online\/tfm22_11\/index.php\/tag\/moda\/\" rel=\"tag\">moda<\/a><span class=\"wp-block-post-terms__separator\">, <\/span><a href=\"https:\/\/21mpdtfm.websnebrija.es\/online\/tfm22_11\/index.php\/tag\/polemica\/\" rel=\"tag\">pol\u00e9mica<\/a><span class=\"wp-block-post-terms__separator\">, <\/span><a href=\"https:\/\/21mpdtfm.websnebrija.es\/online\/tfm22_11\/index.php\/tag\/puntos-de-vista\/\" rel=\"tag\">puntos de vista<\/a><span class=\"wp-block-post-terms__separator\">, <\/span><a href=\"https:\/\/21mpdtfm.websnebrija.es\/online\/tfm22_11\/index.php\/tag\/racismo\/\" rel=\"tag\">racismo<\/a><\/div>\n\n\n<p><\/p>\n","protected":false},"excerpt":{"rendered":"<p>Las noticias del entretenimiento son uno de los temas que m\u00e1s consumen los usuarios digitales en el mundo, pero \u00bfC\u00f3mo abordarlos de manera \u00e9tica y m\u00e1s cuando son pol\u00e9micos? a trav\u00e9s de un ejemplo te mostramos.<\/p>\n","protected":false},"author":1,"featured_media":408,"comment_status":"open","ping_status":"closed","sticky":false,"template":"","format":"standard","meta":{"footnotes":""},"categories":[5],"tags":[52,51,54,55,53,56],"class_list":["post-367","post","type-post","status-publish","format-standard","has-post-thumbnail","hentry","category-nota-rosa","tag-entretenimiento","tag-farandula-2","tag-moda","tag-polemica","tag-puntos-de-vista","tag-racismo"],"_links":{"self":[{"href":"https:\/\/21mpdtfm.websnebrija.es\/online\/tfm22_11\/index.php\/wp-json\/wp\/v2\/posts\/367","targetHints":{"allow":["GET"]}}],"collection":[{"href":"https:\/\/21mpdtfm.websnebrija.es\/online\/tfm22_11\/index.php\/wp-json\/wp\/v2\/posts"}],"about":[{"href":"https:\/\/21mpdtfm.websnebrija.es\/online\/tfm22_11\/index.php\/wp-json\/wp\/v2\/types\/post"}],"author":[{"embeddable":true,"href":"https:\/\/21mpdtfm.websnebrija.es\/online\/tfm22_11\/index.php\/wp-json\/wp\/v2\/users\/1"}],"replies":[{"embeddable":true,"href":"https:\/\/21mpdtfm.websnebrija.es\/online\/tfm22_11\/index.php\/wp-json\/wp\/v2\/comments?post=367"}],"version-history":[{"count":3,"href":"https:\/\/21mpdtfm.websnebrija.es\/online\/tfm22_11\/index.php\/wp-json\/wp\/v2\/posts\/367\/revisions"}],"predecessor-version":[{"id":409,"href":"https:\/\/21mpdtfm.websnebrija.es\/online\/tfm22_11\/index.php\/wp-json\/wp\/v2\/posts\/367\/revisions\/409"}],"wp:featuredmedia":[{"embeddable":true,"href":"https:\/\/21mpdtfm.websnebrija.es\/online\/tfm22_11\/index.php\/wp-json\/wp\/v2\/media\/408"}],"wp:attachment":[{"href":"https:\/\/21mpdtfm.websnebrija.es\/online\/tfm22_11\/index.php\/wp-json\/wp\/v2\/media?parent=367"}],"wp:term":[{"taxonomy":"category","embeddable":true,"href":"https:\/\/21mpdtfm.websnebrija.es\/online\/tfm22_11\/index.php\/wp-json\/wp\/v2\/categories?post=367"},{"taxonomy":"post_tag","embeddable":true,"href":"https:\/\/21mpdtfm.websnebrija.es\/online\/tfm22_11\/index.php\/wp-json\/wp\/v2\/tags?post=367"}],"curies":[{"name":"wp","href":"https:\/\/api.w.org\/{rel}","templated":true}]}}