{"id":420,"date":"2023-01-22T23:28:49","date_gmt":"2023-01-22T23:28:49","guid":{"rendered":"https:\/\/21mpdtfm.websnebrija.es\/online\/tfm22_11\/?p=420"},"modified":"2023-01-22T23:28:49","modified_gmt":"2023-01-22T23:28:49","slug":"como-hablar-de-suicidio-en-los-medios-de-comunicacion","status":"publish","type":"post","link":"https:\/\/21mpdtfm.websnebrija.es\/online\/tfm22_11\/index.php\/2023\/01\/22\/como-hablar-de-suicidio-en-los-medios-de-comunicacion\/","title":{"rendered":"<strong>\u00bfC\u00f3mo hablar de suicidio en los medios de comunicaci\u00f3n?<\/strong>"},"content":{"rendered":"\n<p class=\"has-vivid-red-color has-text-color\"><strong>Bogot\u00e1, Colombia 22 de ENE<\/strong><\/p>\n\n\n\n<figure class=\"wp-block-image size-large\"><img loading=\"lazy\" decoding=\"async\" width=\"1024\" height=\"819\" src=\"https:\/\/21mpdtfm.websnebrija.es\/online\/tfm22_11\/wp-content\/uploads\/2023\/01\/pexels-fernando-cabral-3554398-1024x819.jpg\" alt=\"\" class=\"wp-image-421\" srcset=\"https:\/\/21mpdtfm.websnebrija.es\/online\/tfm22_11\/wp-content\/uploads\/2023\/01\/pexels-fernando-cabral-3554398-1024x819.jpg 1024w, https:\/\/21mpdtfm.websnebrija.es\/online\/tfm22_11\/wp-content\/uploads\/2023\/01\/pexels-fernando-cabral-3554398-300x240.jpg 300w, https:\/\/21mpdtfm.websnebrija.es\/online\/tfm22_11\/wp-content\/uploads\/2023\/01\/pexels-fernando-cabral-3554398-768x614.jpg 768w, https:\/\/21mpdtfm.websnebrija.es\/online\/tfm22_11\/wp-content\/uploads\/2023\/01\/pexels-fernando-cabral-3554398-1536x1229.jpg 1536w, https:\/\/21mpdtfm.websnebrija.es\/online\/tfm22_11\/wp-content\/uploads\/2023\/01\/pexels-fernando-cabral-3554398-2048x1638.jpg 2048w\" sizes=\"auto, (max-width: 1024px) 100vw, 1024px\" \/><figcaption class=\"wp-element-caption\">El tratamiento del suicidio en los medios de comunicaci\u00f3n debe estar fundado en el respeto a la salud mental. <strong>Foto:<\/strong> Pexels<\/figcaption><\/figure>\n\n\n<div class=\"wp-block-post-author\"><div class=\"wp-block-post-author__avatar\"><img alt='' src='https:\/\/secure.gravatar.com\/avatar\/397a1b2897a1b2b662744747c4bf87e4dac8809d1b44d380c8535d6bff4e7ea6?s=48&#038;d=mm&#038;r=g' srcset='https:\/\/secure.gravatar.com\/avatar\/397a1b2897a1b2b662744747c4bf87e4dac8809d1b44d380c8535d6bff4e7ea6?s=96&#038;d=mm&#038;r=g 2x' class='avatar avatar-48 photo' height='48' width='48' \/><\/div><div class=\"wp-block-post-author__content\"><p class=\"wp-block-post-author__byline\">M\u00f3nica Ballesteros<\/p><p class=\"wp-block-post-author__name\">admin<\/p><\/div><\/div>\n\n\n<p>El <strong>suicidio <\/strong>es un tema sensible que puede ser dif\u00edcil de tratar. El manejo que se le da a esta informaci\u00f3n debe ser \u00e9tico y delicado para evitar la propagaci\u00f3n de un fen\u00f3meno relacionado a la salud mental.<\/p>\n\n\n\n<p>El suicidio, por el impacto que tiene, puede constituir, seg\u00fan el <a href=\"https:\/\/www.argentina.gob.ar\/salud\/mental-y-adicciones\/recomendaciones-a%20medios-suicidio\" data-type=\"URL\" data-id=\"https:\/\/www.argentina.gob.ar\/salud\/mental-y-adicciones\/recomendaciones-a%20medios-suicidio\">Ministerio de Salud de Argentina<\/a>, un importante problema de salud p\u00fablica a nivel mundial. Por ello, es necesario que los medios de comunicaci\u00f3n conozcan pautas que les ayuden a transmitir esta informaci\u00f3n a la poblaci\u00f3n que los lee.<\/p>\n\n\n\n<p>A trav\u00e9s del <a href=\"https:\/\/www.sanidad.gob.es\/\" data-type=\"URL\" data-id=\"https:\/\/www.sanidad.gob.es\/\">Ministerio de Sanidad de Espa\u00f1a<\/a>, se ha publicado un documento llamado <em><strong>Recomendaciones para el tratamiento del suicidio por los medios de comunicaci\u00f3n<\/strong><\/em>, en \u00e9l, se dan algunas recomendaciones para hablar sobre este tema en los <em>mass media<\/em>.<\/p>\n\n\n\n<p><strong>Algunas de dichas sugerencias son:<\/strong><\/p>\n\n\n\n<ul class=\"wp-block-list\">\n<li><strong>Las fuentes:<\/strong><\/li>\n<\/ul>\n\n\n\n<p>En cada naci\u00f3n y alrededor del mundo, existe numerosas fuentes fiables a las que se puede acudir cuando se habla de suicidio. En ellas, es posible encontrar estad\u00edsticas y datos oficiales sobre el tema. Una de estas fuentes es, por ejemplo, la <strong>Organizaci\u00f3n Mundial de la Salud <\/strong>(OMS) en su apartado de salud mental en el que guardan un <a href=\"https:\/\/apps.who.int\/gho\/data\/node.main.MENTALHEALTH?lang=en\">repositorio de datos del Observatorio Mundial de la Salud<\/a>.<\/p>\n\n\n\n<ul class=\"wp-block-list\">\n<li><strong>Precauciones en el uso de las cifras:<\/strong><\/li>\n<\/ul>\n\n\n\n<p>El uso de las cifras de suicidio es a menudo subestimado. De hecho, seg\u00fan la OMS, <strong>el n\u00famero de suicidios podr\u00eda ser m\u00e1s alto de lo que en realidad muestran las estad\u00edsticas<\/strong>. Por ello, el periodista debe tener en cuenta que los d\u00edgitos pueden variar en funci\u00f3n de casa pa\u00eds y la poblaci\u00f3n de la que se est\u00e1 hablando.<\/p>\n\n\n\n<p>Tan solo una peque\u00f1a variaci\u00f3n en los n\u00fameros puede significar un gran cambio en el resultado final. Por ejemplo, en varias naciones la tasa de suicidios se mide sobre cada 100.000 habitantes, en cambio en otros, se mida sobre casa 250.000.<\/p>\n\n\n\n<figure class=\"wp-block-embed is-type-video is-provider-youtube wp-block-embed-youtube wp-embed-aspect-16-9 wp-has-aspect-ratio\"><div class=\"wp-block-embed__wrapper\">\n<iframe loading=\"lazy\" title=\"Cambiando la cobertura period\u00edstica del suicidio en Trinidad y Tobago\" width=\"640\" height=\"360\" src=\"https:\/\/www.youtube.com\/embed\/Nbm-IyZXFjA?feature=oembed\" frameborder=\"0\" allow=\"accelerometer; autoplay; clipboard-write; encrypted-media; gyroscope; picture-in-picture; web-share\" referrerpolicy=\"strict-origin-when-cross-origin\" allowfullscreen><\/iframe>\n<\/div><figcaption class=\"wp-element-caption\">Cambiando la cobertura period\u00edstica del suicidio en Trinidad y Tobago. <strong>Video:<\/strong> PAHO <\/figcaption><\/figure>\n\n\n\n<ul class=\"wp-block-list\">\n<li><strong>Qu\u00e9 no hacer cuando se informa sobre suicidio<\/strong>: <\/li>\n<\/ul>\n\n\n\n<p>Se aconseja no tratar esta informaci\u00f3n de forma <a href=\"https:\/\/21mpdtfm.websnebrija.es\/online\/tfm22_11\/index.php\/2022\/12\/30\/los-cinco-consejos-para-no-hacer-prensa-amarillista\/\">sensacionalista<\/a> y que en el titular no se use la palabra \u201csuicidio\u201d o el m\u00e9todo que se us\u00f3 para cometerlo.<\/p>\n\n\n\n<p>Adem\u00e1s, <strong>hay que ser prudente con el uso de las im\u00e1genes <\/strong>y no publicar fotograf\u00edas de la persona fallecida o de la escena en la que esta qued\u00f3. Tampoco se aconseja publicar las notas, videos o mensajes suicidas.<\/p>\n\n\n\n<p>As\u00ed mismo, no se aconseja poner la noticia en un lugar destacado dentro del medio de comunicaci\u00f3n o glorificar a la persona que se ha suicidado. No se debe presentar este tipo de muerte como algo normal.<\/p>\n\n\n\n<ul class=\"wp-block-list\">\n<li><strong>Qu\u00e9 se debe hacer para informar sobre suicidio<\/strong>: <\/li>\n<\/ul>\n\n\n\n<p>El medio deber\u00eda proporcionar informaci\u00f3n sobre recursos comunitarios y l\u00edneas de ayuda. La idea es transmitir que los problemas de \u00edndole mental pueden ser tratados por un especialista.<\/p>\n\n\n\n<p>Adicional, lo mejor es ofrecer un mensaje de solidaridad y si es posible, proporcionar datos de contacto en los que sea factible conocer grupos de apoyo o supervivientes de un hecho como este.<\/p>\n\n\n\n<p>Finalmente, no hay que centrarse solo en el hecho, <strong>es necesario que el medio indique la magnitud del problema mostrando cifras reales.<\/strong><\/p>\n","protected":false},"excerpt":{"rendered":"<p>El suicidio es un tema que puede ser dif\u00edcil de tratar. El manejo que se le da a esta informaci\u00f3n debe ser \u00e9tico y delicado.<\/p>\n","protected":false},"author":1,"featured_media":421,"comment_status":"open","ping_status":"closed","sticky":false,"template":"","format":"standard","meta":{"footnotes":""},"categories":[4],"tags":[25,19,62,14,24,61],"class_list":["post-420","post","type-post","status-publish","format-standard","has-post-thumbnail","hentry","category-nota-roja","tag-buenas-practicas","tag-etica","tag-medios-de-comunicacion","tag-periodismo","tag-periodistas","tag-suicidio"],"_links":{"self":[{"href":"https:\/\/21mpdtfm.websnebrija.es\/online\/tfm22_11\/index.php\/wp-json\/wp\/v2\/posts\/420","targetHints":{"allow":["GET"]}}],"collection":[{"href":"https:\/\/21mpdtfm.websnebrija.es\/online\/tfm22_11\/index.php\/wp-json\/wp\/v2\/posts"}],"about":[{"href":"https:\/\/21mpdtfm.websnebrija.es\/online\/tfm22_11\/index.php\/wp-json\/wp\/v2\/types\/post"}],"author":[{"embeddable":true,"href":"https:\/\/21mpdtfm.websnebrija.es\/online\/tfm22_11\/index.php\/wp-json\/wp\/v2\/users\/1"}],"replies":[{"embeddable":true,"href":"https:\/\/21mpdtfm.websnebrija.es\/online\/tfm22_11\/index.php\/wp-json\/wp\/v2\/comments?post=420"}],"version-history":[{"count":1,"href":"https:\/\/21mpdtfm.websnebrija.es\/online\/tfm22_11\/index.php\/wp-json\/wp\/v2\/posts\/420\/revisions"}],"predecessor-version":[{"id":422,"href":"https:\/\/21mpdtfm.websnebrija.es\/online\/tfm22_11\/index.php\/wp-json\/wp\/v2\/posts\/420\/revisions\/422"}],"wp:featuredmedia":[{"embeddable":true,"href":"https:\/\/21mpdtfm.websnebrija.es\/online\/tfm22_11\/index.php\/wp-json\/wp\/v2\/media\/421"}],"wp:attachment":[{"href":"https:\/\/21mpdtfm.websnebrija.es\/online\/tfm22_11\/index.php\/wp-json\/wp\/v2\/media?parent=420"}],"wp:term":[{"taxonomy":"category","embeddable":true,"href":"https:\/\/21mpdtfm.websnebrija.es\/online\/tfm22_11\/index.php\/wp-json\/wp\/v2\/categories?post=420"},{"taxonomy":"post_tag","embeddable":true,"href":"https:\/\/21mpdtfm.websnebrija.es\/online\/tfm22_11\/index.php\/wp-json\/wp\/v2\/tags?post=420"}],"curies":[{"name":"wp","href":"https:\/\/api.w.org\/{rel}","templated":true}]}}